{"id":40244,"date":"2024-09-19T13:42:13","date_gmt":"2024-09-19T19:42:13","guid":{"rendered":"https:\/\/puravan.com\/from-zero-to-zen-yoga-awakening-journey\/"},"modified":"2024-11-25T14:21:22","modified_gmt":"2024-11-25T20:21:22","slug":"from-zero-to-zen-yoga-awakening-journey","status":"publish","type":"post","link":"https:\/\/puravan.com\/es\/from-zero-to-zen-yoga-awakening-journey\/","title":{"rendered":"De cero al zen \u2013 Viaje al despertar del yoga"},"content":{"rendered":"<p><strong style=\"color: #7fb036;\">Vive un Retiro de Yoga \u00danico<\/strong><\/p>\n<p>\u201c<strong style=\"color: #7fb036;\"><em>De cero al Zen \u2013 Viaja al Despertar del Yoga<\/em><\/strong>\u201d<\/p>\n<p>Este retiro de yoga en movimiento a trav\u00e9s de nuestro hermoso pa\u00eds en campervan est\u00e1 dise\u00f1ado para reconectar con la naturaleza, iniciar tu camino en el yoga y redescubrir tu verdadero ser. Ofrecemos una experiencia de viaje \u00fanica que combina la aventura de explorar diversos paisajes con la pr\u00e1ctica del yoga. Disfruta de sesiones diarias de pr\u00e1ctica, meditaci\u00f3n y tiempo para estar contigo mismo, todo mientras te sumerges en la belleza natural del pa\u00eds.<br \/>\n<!--more--><br \/>\n<strong style=\"color: #7fb036;\">\u00bfPor qu\u00e9 este retiro es \u00fanico?<\/strong><\/p>\n<p><strong style=\"color: #7fb036;\">Desconexi\u00f3n:<\/strong> T\u00f3mate un tiempo para alejarte de la rutina, el estr\u00e9s y las distracciones, y reconectar con el presente y contigo mismo. Este retiro ofrece un viaje externo a trav\u00e9s de paisajes impresionantes y un viaje interno hacia el autoconocimiento y la paz interior.<\/p>\n<p><strong style=\"color: #7fb036;\">Renovaci\u00f3n f\u00edsica y mental:<\/strong>Practicar yoga en plena naturaleza te ayudar\u00e1 a desarrollar conciencia y conexi\u00f3n, restaurando as\u00ed tu equilibrio f\u00edsico y mental.<\/p>\n<p><strong style=\"color: #7fb036;\">Exploraci\u00f3n y aventura:<\/strong>: Este retiro es din\u00e1mico y lleno de sorpresas. Cada d\u00eda te lleva a un nuevo destino, permiti\u00e9ndote experimentar la diversidad de la naturaleza mientras profundizas en tu pr\u00e1ctica de yoga.<\/p>\n<p>&nbsp;<\/p>\n<p><img loading=\"lazy\" decoding=\"async\" class=\"wp-image-41163 size-medium alignright\" style=\"padding: 20px 0px;\" src=\"https:\/\/puravan.com\/wp-content\/uploads\/2024\/09\/WhatsApp-Image-2024-11-25-at-1.55.13-PM-300x212.jpeg\" alt=\"\" width=\"300\" height=\"212\" srcset=\"https:\/\/puravan.com\/wp-content\/uploads\/2024\/09\/WhatsApp-Image-2024-11-25-at-1.55.13-PM-300x212.jpeg 300w, https:\/\/puravan.com\/wp-content\/uploads\/2024\/09\/WhatsApp-Image-2024-11-25-at-1.55.13-PM-1024x724.jpeg 1024w, https:\/\/puravan.com\/wp-content\/uploads\/2024\/09\/WhatsApp-Image-2024-11-25-at-1.55.13-PM-768x543.jpeg 768w, https:\/\/puravan.com\/wp-content\/uploads\/2024\/09\/WhatsApp-Image-2024-11-25-at-1.55.13-PM-1536x1086.jpeg 1536w, https:\/\/puravan.com\/wp-content\/uploads\/2024\/09\/WhatsApp-Image-2024-11-25-at-1.55.13-PM-600x424.jpeg 600w, https:\/\/puravan.com\/wp-content\/uploads\/2024\/09\/WhatsApp-Image-2024-11-25-at-1.55.13-PM.jpeg 1600w\" sizes=\"auto, (max-width: 300px) 100vw, 300px\" \/><\/p>\n<p><strong style=\"color: #7fb036;\">Ruta<\/strong>:<\/p>\n<p>La Guacima \u2013 PuraVan<\/p>\n<p>Playa Arrecife \u2013 Camping Arrecife<\/p>\n<p>Playa Cahuita \u2013 Camping Mar\u00eda<\/p>\n<p>Gu\u00e1piles \u2013 Camping Verde<\/p>\n<p>La Guacima \u2013 PuraVan<\/p>\n<p>&nbsp;<\/p>\n<p><strong style=\"color: #7fb036;\">Incluye:<\/strong><\/p>\n<ul>\n<li>Campervan equipada<\/li>\n<li>Gu\u00eda durante el viaje<\/li>\n<li>Estacionamiento en Camping park<\/li>\n<li>Programa pr\u00e1ctico de retiro De Cero a Zen, clases diarias, props, teor\u00eda y materiales para actividades<\/li>\n<\/ul>\n<p><strong style=\"color: #7fb036;\">Preguntas frecuentes y recomendaciones<\/strong><\/p>\n<p><strong style=\"color: #7fb036;\">\u2022 \u00bfQu\u00e9 necesito llevar?<\/strong><\/p>\n<ul>\n<li>Ropa c\u00f3moda para hacer ejercicio<\/li>\n<li>Traje de ba\u00f1o<\/li>\n<li>Repelente de insectos<\/li>\n<li>Medicamentos personales<\/li>\n<li>Esterilla de yoga<\/li>\n<li>Art\u00edculos de higiene personal<\/li>\n<li>Comida y bebidas si prefieres cocinar<\/li>\n<\/ul>\n<p><strong style=\"color: #7fb036;\">\u2022 \u00bfPara qui\u00e9n es este retiro?<\/strong><\/p>\n<p>Este retiro es adecuado para personas desde principiantes hasta niveles intermedios. Es ideal tanto para quienes desean comenzar desde cero como para aquellos con algo de experiencia que buscan profundizar en su pr\u00e1ctica de yoga.<\/p>\n<p><strong style=\"color: #7fb036;\">\u2022 \u00bfC\u00f3mo se manejan las comidas y la estad\u00eda?<\/strong><\/p>\n<p>Las campervans est\u00e1n totalmente equipadas para cocinar, y tambi\u00e9n podemos recomendarte lugares para comer. Durante el retiro, pasaremos la noche en campings con vigilancia y servicios b\u00e1sicos, como acceso a ba\u00f1os, electricidad y agua.<\/p>\n<p><strong style=\"color: #7fb036;\">\u2022 \u00bfEs seguro viajar en Campervan? <\/strong><\/p>\n<p>Viajar en campervan es seguro tomando las precauciones adecuadas:<\/p>\n<ul>\n<li>Maneja con cuidado, sin distracciones, y mant\u00e9n siempre los ojos en el camino.<\/li>\n<li>Es importante estar atento a tus pertenencias: mantener la camper cerrada y evitar dejar objetos de valor a la vista.<\/li>\n<li>Aparcar solo en las zonas seguras indicadas en el programa del retiro.<\/li>\n<\/ul>\n<p><strong style=\"color: #7fb036;\">Consideraciones adicionales:<\/strong><\/p>\n<ul>\n<li>El clima puede ser impredecible, especialmente durante la temporada de lluvias, es muy importante tener en consideraci\u00f3n ropa adecuada para realizar actividades al aire libre, como caminatas o ba\u00f1os en el mar o r\u00edos.<\/li>\n<li>Tener a mano un celular con acceso a datos para emergencias y considerar compartir tu ubicaci\u00f3n con alguien de confianza. Aseg\u00farate de que el GPS est\u00e9 actualizado.<\/li>\n<\/ul>\n<p>&nbsp;<\/p>\n<p><strong style=\"color: #7fb036;\">Tips Adicionales<\/strong><\/p>\n<ul>\n<li>Llevar art\u00edculos personales, si tomas medicamentos no olvidarlos, repelente, bloqueador solar.<\/li>\n<\/ul>\n<p><strong style=\"color: #7fb036;\">Costo:<\/strong> $1440 USD* (incluye impuestos)<\/p>\n<p><strong style=\"color: #7fb036;\">Fechas:<\/strong> Febrero 6 \u2013 9, 2025<\/p>\n<p><strong style=\"color: #7fb036;\">Contacto: <\/strong><br \/>\nwww.stopcampandheal.com<\/p>\n<p>info@stopcampandheal.com \/ <a href=\"mailto:info@puravan.com\">info@puravan.com<\/a><\/p>\n<p>(506) 2487-9464 \/ (506) 8853-8482<\/p>\n<p>&nbsp;<\/p>\n<p><strong style=\"color: #7fb036;\">T\u00e9rminos y condiciones \/ Pol\u00edtica de cancelaci\u00f3n y reembolso:<\/strong><\/p>\n<p><strong style=\"color: #7fb036;\">Cancelaci\u00f3n por parte de los participantes:<\/strong><\/p>\n<ul>\n<li>Hasta 60 d\u00edas antes del inicio del retiro: se reembolsar\u00e1 el 80% del monto total pagado. El 20% restante ser\u00e1 retenido para cubrir gastos administrativos.<\/li>\n<li>Entre 59 y 30 d\u00edas antes del inicio del retiro: se reembolsar\u00e1 el 50% del monto total pagado. El 50% restante ser\u00e1 retenido para cubrir gastos incurridos y administrativos.<\/li>\n<li>Menos de 30 d\u00edas antes del inicio del retiro: no se realizar\u00e1n reembolsos. Sin embargo, se podr\u00e1 transferir la reserva a otra persona, previa notificaci\u00f3n y aprobaci\u00f3n por parte de la organizaci\u00f3n.<\/li>\n<\/ul>\n<p><strong style=\"color: #7fb036;\">Cancelaci\u00f3n por parte de la organizaci\u00f3n:<\/strong><\/p>\n<ul>\n<li>En caso de que el retiro sea cancelado por causas imputables a la organizaci\u00f3n, se ofrecer\u00e1 al participante la opci\u00f3n de un reembolso completo o la transferencia del total pagado a otro retiro similar en una fecha futura.<\/li>\n<li>Si la cancelaci\u00f3n se debe a circunstancias fuera del control de la organizaci\u00f3n (por ejemplo, desastres naturales, situaciones de emergencia, pandemias), se ofrecer\u00e1 un reembolso del 50% o la opci\u00f3n de participar en un retiro en una fecha futura, sujeto a disponibilidad.<\/li>\n<\/ul>\n<p><strong style=\"color: #7fb036;\">\u00a0Interrupci\u00f3n del retiro:<\/strong><\/p>\n<ul>\n<li>En caso de que el retiro deba ser interrumpido por razones fuera del control de la organizaci\u00f3n (como emergencias clim\u00e1ticas o de seguridad), no se realizar\u00e1n reembolsos por los d\u00edas no utilizados. Sin embargo, se ofrecer\u00e1 un descuento del 20% para un futuro retiro.<\/li>\n<\/ul>\n<p><strong style=\"color: #7fb036;\">\u00a0Cambios en la reserva:<\/strong><\/p>\n<ul>\n<li>Cambio de fecha o retiro: Se permite un cambio sin costo adicional hasta 30 d\u00edas antes del inicio del retiro, sujeto a disponibilidad. Cualquier cambio adicional estar\u00e1 sujeto a un cargo administrativo del 10% del monto total pagado.<\/li>\n<li>*** Transferencia de reserva: Se permite transferir la reserva a otra persona hasta 15 d\u00edas antes del inicio del retiro, siempre que la persona cumpla con los requisitos del retiro y se notifique a la organizaci\u00f3n con antelaci\u00f3n. ***<\/li>\n<\/ul>\n<p><strong style=\"color: #7fb036;\">No presentaci\u00f3n:<\/strong><\/p>\n<ul>\n<li>Si el participante no se presenta en la fecha de inicio del retiro, no se realizar\u00e1 ning\u00fan reembolso y no se podr\u00e1 transferir la reserva a otra fecha o persona.<\/li>\n<\/ul>\n<p><strong style=\"color: #7fb036;\">Adicionales:<\/strong><\/p>\n<ul>\n<li>El participante entiende y acepta que no se har\u00e1n devoluciones o reembolsos una vez iniciado el retiro.<\/li>\n<li>El participante que es responsable de su integridad f\u00edsica\/personal, de su cuerpo y su pr\u00e1ctica, al igual que de sus art\u00edculos personales, Stop, Camp &amp; Heal y PuraVan, no se har\u00e1n responsables de ning\u00fan tipo de lesi\u00f3n o accidente ocurrido durante el retiro.<\/li>\n<li>El participante entiende y acepta que el contenido del programa dise\u00f1ado para este retiro, material impreso y digital es propiedad intelectual de Stop, Camp &amp; Heal y que no podr\u00e1 ser utilizado para otra finalidad sin la autorizaci\u00f3n escrita de alguno de nuestros representantes legales.<\/li>\n<li>El participante entiende y acepta que el nombre, la imagen y el logo son propiedad intelectual de Stop, Camp &amp; Heal &amp; Puravan.<\/li>\n<li>El participante entiende y acepta que no deber\u00e1 utilizar el nombre o imagen de Stop, Camp &amp; Heal y Puravan, para fines comerciales o publicitarios sin aprobaci\u00f3n expresa y escrita por parte de uno de los representantes legales de Stop, Camp &amp; Heal y Puravan.<\/li>\n<li>El participante entiende y acepta que se utilicen fotos y videos generales del retiro con fines demostrativos y de mercadeo.<\/li>\n<li>Campervans t\u00e9rminos y condiciones: <a href=\"https:\/\/puravan.com\/terms-and-conditions\/\">https:\/\/puravan.com\/terms-and-conditions\/<\/a><\/li>\n<\/ul>\n<p>&nbsp;<\/p>\n<p><a href=\"http:\/\/www.stopcampandheal.com\" target=\"_blank\" rel=\"noopener\">WWW.STOPCAMPANDHEAL.COM<\/a><\/p>\n","protected":false},"excerpt":{"rendered":"<p>Vive un Retiro de Yoga \u00danico \u201cDe cero al Zen \u2013 Viaja al Despertar del Yoga\u201d Este retiro de yoga en movimiento a trav\u00e9s de nuestro hermoso pa\u00eds en campervan&#8230;<\/p>\n","protected":false},"author":63,"featured_media":0,"comment_status":"closed","ping_status":"closed","sticky":false,"template":"","format":"standard","meta":{"_acf_changed":false,"footnotes":""},"categories":[102],"tags":[],"class_list":["post-40244","post","type-post","status-publish","format-standard","hentry","category-journey-retreats-es"],"acf":[],"yoast_head":"<!-- This site is optimized with the Yoast SEO plugin v24.6 - https:\/\/yoast.com\/wordpress\/plugins\/seo\/ -->\n<title>De cero al zen \u2013 Viaje al despertar del yoga - Pura Van Costa Rica<\/title>\n<meta name=\"robots\" content=\"index, follow, max-snippet:-1, max-image-preview:large, max-video-preview:-1\" \/>\n<link rel=\"canonical\" href=\"https:\/\/puravan.com\/es\/from-zero-to-zen-yoga-awakening-journey\/\" \/>\n<meta property=\"og:locale\" content=\"es_ES\" \/>\n<meta property=\"og:type\" content=\"article\" \/>\n<meta property=\"og:title\" content=\"De cero al zen \u2013 Viaje al despertar del yoga - Pura Van Costa Rica\" \/>\n<meta property=\"og:description\" content=\"Vive un Retiro de Yoga \u00danico \u201cDe cero al Zen \u2013 Viaja al Despertar del Yoga\u201d Este retiro de yoga en movimiento a trav\u00e9s de nuestro hermoso pa\u00eds en campervan...\" \/>\n<meta property=\"og:url\" content=\"https:\/\/puravan.com\/es\/from-zero-to-zen-yoga-awakening-journey\/\" \/>\n<meta property=\"og:site_name\" content=\"Pura Van Costa Rica\" \/>\n<meta property=\"article:publisher\" content=\"https:\/\/www.facebook.com\/puravancr\/\" \/>\n<meta property=\"article:published_time\" content=\"2024-09-19T19:42:13+00:00\" \/>\n<meta property=\"article:modified_time\" content=\"2024-11-25T20:21:22+00:00\" \/>\n<meta property=\"og:image\" content=\"https:\/\/puravan.com\/wp-content\/uploads\/2024\/09\/WhatsApp-Image-2024-11-25-at-1.55.13-PM-300x212.jpeg\" \/>\n<meta name=\"author\" content=\"Jesus Alvarado\" \/>\n<meta name=\"twitter:card\" content=\"summary_large_image\" \/>\n<meta name=\"twitter:label1\" content=\"Escrito por\" \/>\n\t<meta name=\"twitter:data1\" content=\"Jesus Alvarado\" \/>\n\t<meta name=\"twitter:label2\" content=\"Tiempo de lectura\" \/>\n\t<meta name=\"twitter:data2\" content=\"6 minutos\" \/>\n<script type=\"application\/ld+json\" class=\"yoast-schema-graph\">{\"@context\":\"https:\/\/schema.org\",\"@graph\":[{\"@type\":\"Article\",\"@id\":\"https:\/\/puravan.com\/es\/from-zero-to-zen-yoga-awakening-journey\/#article\",\"isPartOf\":{\"@id\":\"https:\/\/puravan.com\/es\/from-zero-to-zen-yoga-awakening-journey\/\"},\"author\":{\"name\":\"Jesus Alvarado\",\"@id\":\"https:\/\/puravan.com\/#\/schema\/person\/21ac6493154f75e7aff8688176b70cf4\"},\"headline\":\"De cero al zen \u2013 Viaje al despertar del yoga\",\"datePublished\":\"2024-09-19T19:42:13+00:00\",\"dateModified\":\"2024-11-25T20:21:22+00:00\",\"mainEntityOfPage\":{\"@id\":\"https:\/\/puravan.com\/es\/from-zero-to-zen-yoga-awakening-journey\/\"},\"wordCount\":1142,\"publisher\":{\"@id\":\"https:\/\/puravan.com\/#organization\"},\"image\":{\"@id\":\"https:\/\/puravan.com\/es\/from-zero-to-zen-yoga-awakening-journey\/#primaryimage\"},\"thumbnailUrl\":\"https:\/\/puravan.com\/wp-content\/uploads\/2024\/09\/WhatsApp-Image-2024-11-25-at-1.55.13-PM-300x212.jpeg\",\"articleSection\":[\"Journey Retreats\"],\"inLanguage\":\"es\"},{\"@type\":\"WebPage\",\"@id\":\"https:\/\/puravan.com\/es\/from-zero-to-zen-yoga-awakening-journey\/\",\"url\":\"https:\/\/puravan.com\/es\/from-zero-to-zen-yoga-awakening-journey\/\",\"name\":\"De cero al zen \u2013 Viaje al despertar del yoga - Pura Van Costa Rica\",\"isPartOf\":{\"@id\":\"https:\/\/puravan.com\/#website\"},\"primaryImageOfPage\":{\"@id\":\"https:\/\/puravan.com\/es\/from-zero-to-zen-yoga-awakening-journey\/#primaryimage\"},\"image\":{\"@id\":\"https:\/\/puravan.com\/es\/from-zero-to-zen-yoga-awakening-journey\/#primaryimage\"},\"thumbnailUrl\":\"https:\/\/puravan.com\/wp-content\/uploads\/2024\/09\/WhatsApp-Image-2024-11-25-at-1.55.13-PM-300x212.jpeg\",\"datePublished\":\"2024-09-19T19:42:13+00:00\",\"dateModified\":\"2024-11-25T20:21:22+00:00\",\"breadcrumb\":{\"@id\":\"https:\/\/puravan.com\/es\/from-zero-to-zen-yoga-awakening-journey\/#breadcrumb\"},\"inLanguage\":\"es\",\"potentialAction\":[{\"@type\":\"ReadAction\",\"target\":[\"https:\/\/puravan.com\/es\/from-zero-to-zen-yoga-awakening-journey\/\"]}]},{\"@type\":\"ImageObject\",\"inLanguage\":\"es\",\"@id\":\"https:\/\/puravan.com\/es\/from-zero-to-zen-yoga-awakening-journey\/#primaryimage\",\"url\":\"https:\/\/puravan.com\/wp-content\/uploads\/2024\/09\/WhatsApp-Image-2024-11-25-at-1.55.13-PM-300x212.jpeg\",\"contentUrl\":\"https:\/\/puravan.com\/wp-content\/uploads\/2024\/09\/WhatsApp-Image-2024-11-25-at-1.55.13-PM-300x212.jpeg\"},{\"@type\":\"BreadcrumbList\",\"@id\":\"https:\/\/puravan.com\/es\/from-zero-to-zen-yoga-awakening-journey\/#breadcrumb\",\"itemListElement\":[{\"@type\":\"ListItem\",\"position\":1,\"name\":\"Home\",\"item\":\"https:\/\/puravan.com\/es\/\"},{\"@type\":\"ListItem\",\"position\":2,\"name\":\"De cero al zen \u2013 Viaje al despertar del yoga\"}]},{\"@type\":\"WebSite\",\"@id\":\"https:\/\/puravan.com\/#website\",\"url\":\"https:\/\/puravan.com\/\",\"name\":\"Pura Van Costa Rica\",\"description\":\"Drive Your Adventure\",\"publisher\":{\"@id\":\"https:\/\/puravan.com\/#organization\"},\"potentialAction\":[{\"@type\":\"SearchAction\",\"target\":{\"@type\":\"EntryPoint\",\"urlTemplate\":\"https:\/\/puravan.com\/?s={search_term_string}\"},\"query-input\":{\"@type\":\"PropertyValueSpecification\",\"valueRequired\":true,\"valueName\":\"search_term_string\"}}],\"inLanguage\":\"es\"},{\"@type\":\"Organization\",\"@id\":\"https:\/\/puravan.com\/#organization\",\"name\":\"Pura Van Costa Rica\",\"url\":\"https:\/\/puravan.com\/\",\"logo\":{\"@type\":\"ImageObject\",\"inLanguage\":\"es\",\"@id\":\"https:\/\/puravan.com\/#\/schema\/logo\/image\/\",\"url\":\"https:\/\/puravan.com\/wp-content\/uploads\/2017\/12\/Asset-1.png\",\"contentUrl\":\"https:\/\/puravan.com\/wp-content\/uploads\/2017\/12\/Asset-1.png\",\"width\":1082,\"height\":606,\"caption\":\"Pura Van Costa Rica\"},\"image\":{\"@id\":\"https:\/\/puravan.com\/#\/schema\/logo\/image\/\"},\"sameAs\":[\"https:\/\/www.facebook.com\/puravancr\/\",\"https:\/\/www.instagram.com\/puravancr\"]},{\"@type\":\"Person\",\"@id\":\"https:\/\/puravan.com\/#\/schema\/person\/21ac6493154f75e7aff8688176b70cf4\",\"name\":\"Jesus Alvarado\",\"image\":{\"@type\":\"ImageObject\",\"inLanguage\":\"es\",\"@id\":\"https:\/\/puravan.com\/#\/schema\/person\/image\/\",\"url\":\"https:\/\/secure.gravatar.com\/avatar\/c09e6695e7a69b7c719a94d2990011ce?s=96&d=mm&r=g\",\"contentUrl\":\"https:\/\/secure.gravatar.com\/avatar\/c09e6695e7a69b7c719a94d2990011ce?s=96&d=mm&r=g\",\"caption\":\"Jesus Alvarado\"},\"url\":\"https:\/\/puravan.com\/es\/author\/pablofernandez\/\"}]}<\/script>\n<!-- \/ Yoast SEO plugin. -->","yoast_head_json":{"title":"De cero al zen \u2013 Viaje al despertar del yoga - Pura Van Costa Rica","robots":{"index":"index","follow":"follow","max-snippet":"max-snippet:-1","max-image-preview":"max-image-preview:large","max-video-preview":"max-video-preview:-1"},"canonical":"https:\/\/puravan.com\/es\/from-zero-to-zen-yoga-awakening-journey\/","og_locale":"es_ES","og_type":"article","og_title":"De cero al zen \u2013 Viaje al despertar del yoga - Pura Van Costa Rica","og_description":"Vive un Retiro de Yoga \u00danico \u201cDe cero al Zen \u2013 Viaja al Despertar del Yoga\u201d Este retiro de yoga en movimiento a trav\u00e9s de nuestro hermoso pa\u00eds en campervan...","og_url":"https:\/\/puravan.com\/es\/from-zero-to-zen-yoga-awakening-journey\/","og_site_name":"Pura Van Costa Rica","article_publisher":"https:\/\/www.facebook.com\/puravancr\/","article_published_time":"2024-09-19T19:42:13+00:00","article_modified_time":"2024-11-25T20:21:22+00:00","og_image":[{"url":"https:\/\/puravan.com\/wp-content\/uploads\/2024\/09\/WhatsApp-Image-2024-11-25-at-1.55.13-PM-300x212.jpeg","type":"","width":"","height":""}],"author":"Jesus Alvarado","twitter_card":"summary_large_image","twitter_misc":{"Escrito por":"Jesus Alvarado","Tiempo de lectura":"6 minutos"},"schema":{"@context":"https:\/\/schema.org","@graph":[{"@type":"Article","@id":"https:\/\/puravan.com\/es\/from-zero-to-zen-yoga-awakening-journey\/#article","isPartOf":{"@id":"https:\/\/puravan.com\/es\/from-zero-to-zen-yoga-awakening-journey\/"},"author":{"name":"Jesus Alvarado","@id":"https:\/\/puravan.com\/#\/schema\/person\/21ac6493154f75e7aff8688176b70cf4"},"headline":"De cero al zen \u2013 Viaje al despertar del yoga","datePublished":"2024-09-19T19:42:13+00:00","dateModified":"2024-11-25T20:21:22+00:00","mainEntityOfPage":{"@id":"https:\/\/puravan.com\/es\/from-zero-to-zen-yoga-awakening-journey\/"},"wordCount":1142,"publisher":{"@id":"https:\/\/puravan.com\/#organization"},"image":{"@id":"https:\/\/puravan.com\/es\/from-zero-to-zen-yoga-awakening-journey\/#primaryimage"},"thumbnailUrl":"https:\/\/puravan.com\/wp-content\/uploads\/2024\/09\/WhatsApp-Image-2024-11-25-at-1.55.13-PM-300x212.jpeg","articleSection":["Journey Retreats"],"inLanguage":"es"},{"@type":"WebPage","@id":"https:\/\/puravan.com\/es\/from-zero-to-zen-yoga-awakening-journey\/","url":"https:\/\/puravan.com\/es\/from-zero-to-zen-yoga-awakening-journey\/","name":"De cero al zen \u2013 Viaje al despertar del yoga - Pura Van Costa Rica","isPartOf":{"@id":"https:\/\/puravan.com\/#website"},"primaryImageOfPage":{"@id":"https:\/\/puravan.com\/es\/from-zero-to-zen-yoga-awakening-journey\/#primaryimage"},"image":{"@id":"https:\/\/puravan.com\/es\/from-zero-to-zen-yoga-awakening-journey\/#primaryimage"},"thumbnailUrl":"https:\/\/puravan.com\/wp-content\/uploads\/2024\/09\/WhatsApp-Image-2024-11-25-at-1.55.13-PM-300x212.jpeg","datePublished":"2024-09-19T19:42:13+00:00","dateModified":"2024-11-25T20:21:22+00:00","breadcrumb":{"@id":"https:\/\/puravan.com\/es\/from-zero-to-zen-yoga-awakening-journey\/#breadcrumb"},"inLanguage":"es","potentialAction":[{"@type":"ReadAction","target":["https:\/\/puravan.com\/es\/from-zero-to-zen-yoga-awakening-journey\/"]}]},{"@type":"ImageObject","inLanguage":"es","@id":"https:\/\/puravan.com\/es\/from-zero-to-zen-yoga-awakening-journey\/#primaryimage","url":"https:\/\/puravan.com\/wp-content\/uploads\/2024\/09\/WhatsApp-Image-2024-11-25-at-1.55.13-PM-300x212.jpeg","contentUrl":"https:\/\/puravan.com\/wp-content\/uploads\/2024\/09\/WhatsApp-Image-2024-11-25-at-1.55.13-PM-300x212.jpeg"},{"@type":"BreadcrumbList","@id":"https:\/\/puravan.com\/es\/from-zero-to-zen-yoga-awakening-journey\/#breadcrumb","itemListElement":[{"@type":"ListItem","position":1,"name":"Home","item":"https:\/\/puravan.com\/es\/"},{"@type":"ListItem","position":2,"name":"De cero al zen \u2013 Viaje al despertar del yoga"}]},{"@type":"WebSite","@id":"https:\/\/puravan.com\/#website","url":"https:\/\/puravan.com\/","name":"Pura Van Costa Rica","description":"Drive Your Adventure","publisher":{"@id":"https:\/\/puravan.com\/#organization"},"potentialAction":[{"@type":"SearchAction","target":{"@type":"EntryPoint","urlTemplate":"https:\/\/puravan.com\/?s={search_term_string}"},"query-input":{"@type":"PropertyValueSpecification","valueRequired":true,"valueName":"search_term_string"}}],"inLanguage":"es"},{"@type":"Organization","@id":"https:\/\/puravan.com\/#organization","name":"Pura Van Costa Rica","url":"https:\/\/puravan.com\/","logo":{"@type":"ImageObject","inLanguage":"es","@id":"https:\/\/puravan.com\/#\/schema\/logo\/image\/","url":"https:\/\/puravan.com\/wp-content\/uploads\/2017\/12\/Asset-1.png","contentUrl":"https:\/\/puravan.com\/wp-content\/uploads\/2017\/12\/Asset-1.png","width":1082,"height":606,"caption":"Pura Van Costa Rica"},"image":{"@id":"https:\/\/puravan.com\/#\/schema\/logo\/image\/"},"sameAs":["https:\/\/www.facebook.com\/puravancr\/","https:\/\/www.instagram.com\/puravancr"]},{"@type":"Person","@id":"https:\/\/puravan.com\/#\/schema\/person\/21ac6493154f75e7aff8688176b70cf4","name":"Jesus Alvarado","image":{"@type":"ImageObject","inLanguage":"es","@id":"https:\/\/puravan.com\/#\/schema\/person\/image\/","url":"https:\/\/secure.gravatar.com\/avatar\/c09e6695e7a69b7c719a94d2990011ce?s=96&d=mm&r=g","contentUrl":"https:\/\/secure.gravatar.com\/avatar\/c09e6695e7a69b7c719a94d2990011ce?s=96&d=mm&r=g","caption":"Jesus Alvarado"},"url":"https:\/\/puravan.com\/es\/author\/pablofernandez\/"}]}},"_links":{"self":[{"href":"https:\/\/puravan.com\/es\/wp-json\/wp\/v2\/posts\/40244","targetHints":{"allow":["GET"]}}],"collection":[{"href":"https:\/\/puravan.com\/es\/wp-json\/wp\/v2\/posts"}],"about":[{"href":"https:\/\/puravan.com\/es\/wp-json\/wp\/v2\/types\/post"}],"author":[{"embeddable":true,"href":"https:\/\/puravan.com\/es\/wp-json\/wp\/v2\/users\/63"}],"replies":[{"embeddable":true,"href":"https:\/\/puravan.com\/es\/wp-json\/wp\/v2\/comments?post=40244"}],"version-history":[{"count":7,"href":"https:\/\/puravan.com\/es\/wp-json\/wp\/v2\/posts\/40244\/revisions"}],"predecessor-version":[{"id":41168,"href":"https:\/\/puravan.com\/es\/wp-json\/wp\/v2\/posts\/40244\/revisions\/41168"}],"wp:attachment":[{"href":"https:\/\/puravan.com\/es\/wp-json\/wp\/v2\/media?parent=40244"}],"wp:term":[{"taxonomy":"category","embeddable":true,"href":"https:\/\/puravan.com\/es\/wp-json\/wp\/v2\/categories?post=40244"},{"taxonomy":"post_tag","embeddable":true,"href":"https:\/\/puravan.com\/es\/wp-json\/wp\/v2\/tags?post=40244"}],"curies":[{"name":"wp","href":"https:\/\/api.w.org\/{rel}","templated":true}]}}